{"id":892,"date":"2018-04-20T23:01:48","date_gmt":"2018-04-20T23:01:48","guid":{"rendered":"http:\/\/gilsonluisdacunha.com.br\/site\/?p=892"},"modified":"2018-04-20T23:04:06","modified_gmt":"2018-04-20T23:04:06","slug":"os-80-anos-do-super-homem","status":"publish","type":"post","link":"https:\/\/gilsonluisdacunha.com.br\/site\/os-80-anos-do-super-homem\/","title":{"rendered":"Os 80 anos do Super-Homem!"},"content":{"rendered":"<p>E na quarta-feira, 18\/04, a primeira apari\u00e7\u00e3o do Super-Homem completou oito d\u00e9cadas. Sim, foi em abril e n\u00e3o junho de 1938. A data na capa da revista era, na verdade, um prazo limite para seu recolhimento das bancas.<\/p>\n<p>Publicado nas p\u00e1ginas da Action Comics n\u00famero um, o personagem, que teve um come\u00e7o humilde e uma tortuosa trajet\u00f3ria, nas d\u00e9cadas seguintes viria a definir o g\u00eanero de quadrinhos de super-her\u00f3is.<\/p>\n<p>O \u00faltimo sobrevivente do planeta Krypton rompeu paradigmas. Atravessou o s\u00e9culo XX, alterando seu visual, ganhando a cara de cada d\u00e9cada, mas acima de tudo, se propondo a ser uma figura inspiradora, dotada de valores \u00e9ticos e humanit\u00e1rios. Bem diferente de sua primeira vers\u00e3o, publicada em um fanzine Joe Shuster e Jerry Siegel, na qual surgia como um vil\u00e3o disposto a conquistar o mundo com poderes mentais.<\/p>\n<p>Ao contr\u00e1rio de anti-her\u00f3is, t\u00e3o em voga desde os anos 80, o Super-Homem baseia suas a\u00e7\u00f5es em s\u00f3lidos valores morais, frequentemente, com o sacrif\u00edcio de sua pr\u00f3pria vontade. Bondade, compaix\u00e3o e abnega\u00e7\u00e3o s\u00e3o valores humanos, que ele aprendeu com seus pais adotivos, Martha e Jonathan Kent.<\/p>\n<p>Um her\u00f3i que, a pretexto de vencer o mal, se quisesse, poderia se tornar o governante da Terra, mas n\u00e3o o faz, em hip\u00f3tese alguma. Talvez essa \u00e9tica e esses valores, mais do que seus superpoderes, sejam a chave de sua popularidade nos quadrinhos, no cinema e na TV.<\/p>\n<p>Para comemorar o anivers\u00e1rio de um de seus maiores \u00edcones, a DC Comics atrasou a edi\u00e7\u00e3o n\u00famero 1000 da Action Comics para que coincidisse com a data da primeira apari\u00e7\u00e3o do her\u00f3i.<\/p>\n<p>O personagem, aos 80 anos, ainda d\u00e1 mostras de vitalidade, mesmo diante do conturbado cen\u00e1rio pol\u00edtico e social desse in\u00edcio de mil\u00eanio. Se depender dos f\u00e3s, sua lenda viver\u00e1 por outras oito d\u00e9cadas, ou mais. Feliz anivers\u00e1rio, Kal El \/ Clark Kent!<\/p>\n","protected":false},"excerpt":{"rendered":"<p>E na quarta-feira, 18\/04, a primeira apari\u00e7\u00e3o do Super-Homem completou oito d\u00e9cadas. Sim, foi em abril e n\u00e3o junho de 1938. A data na capa da revista era, na verdade, um prazo limite para seu recolhimento das bancas. Publicado nas p\u00e1ginas da Action Comics n\u00famero um, o personagem, que teve um come\u00e7o humilde e uma&hellip;<\/p>","protected":false},"author":1,"featured_media":893,"comment_status":"open","ping_status":"open","sticky":false,"template":"","format":"standard","meta":{"_exactmetrics_skip_tracking":false,"_exactmetrics_sitenote_active":false,"_exactmetrics_sitenote_note":"","_exactmetrics_sitenote_category":0,"footnotes":""},"categories":[3,20],"tags":[6,9,7],"class_list":["post-892","post","type-post","status-publish","format-standard","has-post-thumbnail","hentry","category-blog","category-cultura-pop","tag-cinema","tag-personagens","tag-quadrinhos"],"_links":{"self":[{"href":"https:\/\/gilsonluisdacunha.com.br\/site\/wp-json\/wp\/v2\/posts\/892","targetHints":{"allow":["GET"]}}],"collection":[{"href":"https:\/\/gilsonluisdacunha.com.br\/site\/wp-json\/wp\/v2\/posts"}],"about":[{"href":"https:\/\/gilsonluisdacunha.com.br\/site\/wp-json\/wp\/v2\/types\/post"}],"author":[{"embeddable":true,"href":"https:\/\/gilsonluisdacunha.com.br\/site\/wp-json\/wp\/v2\/users\/1"}],"replies":[{"embeddable":true,"href":"https:\/\/gilsonluisdacunha.com.br\/site\/wp-json\/wp\/v2\/comments?post=892"}],"version-history":[{"count":1,"href":"https:\/\/gilsonluisdacunha.com.br\/site\/wp-json\/wp\/v2\/posts\/892\/revisions"}],"predecessor-version":[{"id":894,"href":"https:\/\/gilsonluisdacunha.com.br\/site\/wp-json\/wp\/v2\/posts\/892\/revisions\/894"}],"wp:featuredmedia":[{"embeddable":true,"href":"https:\/\/gilsonluisdacunha.com.br\/site\/wp-json\/wp\/v2\/media\/893"}],"wp:attachment":[{"href":"https:\/\/gilsonluisdacunha.com.br\/site\/wp-json\/wp\/v2\/media?parent=892"}],"wp:term":[{"taxonomy":"category","embeddable":true,"href":"https:\/\/gilsonluisdacunha.com.br\/site\/wp-json\/wp\/v2\/categories?post=892"},{"taxonomy":"post_tag","embeddable":true,"href":"https:\/\/gilsonluisdacunha.com.br\/site\/wp-json\/wp\/v2\/tags?post=892"}],"curies":[{"name":"wp","href":"https:\/\/api.w.org\/{rel}","templated":true}]}}