{"id":185,"date":"2018-03-07T20:00:44","date_gmt":"2018-03-07T20:00:44","guid":{"rendered":"http:\/\/gilsonluisdacunha.com.br\/site\/?p=185"},"modified":"2018-03-07T21:39:39","modified_gmt":"2018-03-07T21:39:39","slug":"ficcao-cientifica","status":"publish","type":"post","link":"https:\/\/gilsonluisdacunha.com.br\/site\/ficcao-cientifica\/","title":{"rendered":"Fic\u00e7\u00e3o cient\u00edfica: a raz\u00e3o de ser"},"content":{"rendered":"<p>Por que fic\u00e7\u00e3o cient\u00edfica? E por que n\u00e3o? Sim, vivemos no Brasil, na Am\u00e9rica Latina, mais famosa por seres sobrenaturais do que por aventuras espaciais ou viagem no tempo. Mas n\u00e3o vejo nenhum problema com a fic\u00e7\u00e3o cient\u00edfica. Cresci assistindo a s\u00e9ries e filmes e lendo HQs do g\u00eanero. Eu era um guri muito racional, do tipo que se sentia meio imbecil vendo as aventuras do ladr\u00e3o de Bagd\u00e1, mas que aceitava mais facilmente o fato de algu\u00e9m usar um artefato tecnol\u00f3gico para voar do que faz\u00ea-lo com um tapete m\u00e1gico. Mesmo o realismo fant\u00e1stico me parece insuficiente. Apesar de g\u00eanios do calibre de Jorge Luis Borges, parece que a maioria dos autores que se atrevem a escrever \u201crealismo fant\u00e1stico latino-americano\u201d o fazem como se estivessem pedindo desculpas por evitar o drama psicol\u00f3gico, ou o existencialismo, ou o drama intimista urbano, a vida \u201creal\u201d.<\/p>\n<p>Eles tamb\u00e9m t\u00eam medo de serem chamados de colonizados, como se a ci\u00eancia e, mais importante, suas possibilidades e consequ\u00eancias sociais e culturais, fossem privil\u00e9gio de norte-americanos, europeus e asi\u00e1ticos. Vou al\u00e9m. Parece que esses intelectuais assumem que n\u00f3s, Brasileiros, somos pobres demais para imaginar outros mundos ou para reimaginar nosso pr\u00f3prio mundo sob um prisma minimamente racional.<\/p>\n<p>Na cabe\u00e7a desse povo, o fant\u00e1stico s\u00f3 pode surgir do misticismo, j\u00e1 que somos \u201cuma na\u00e7\u00e3o de ra\u00edzes rurais com um vasto repert\u00f3rio de mitos\u201d. Acontece que a humanidade inteira tem uma raiz rural. Come\u00e7amos ca\u00e7adores coletores, depois viramos fazendeiros. Gosto do campo. Tamb\u00e9m me sinto atra\u00eddo pela natureza selvagem. S\u00f3 que n\u00e3o vejo motivo para que limitemos a experi\u00eancia humana ao meio rural ou \u00e0 vida na floresta. N\u00e3o \u00e9 preciso ser um cientista para ler fic\u00e7\u00e3o cient\u00edfica. Basta gostar de ler e ter sincera curiosidade sobre o mundo em que voc\u00ea vive.<\/p>\n<p>O \u00faltimo aspecto que sempre aparece em discuss\u00f5es sobre o g\u00eanero: \u201cah, mas os personagens s\u00e3o t\u00e3o rasos&#8230;\u201d, em minha modesta opini\u00e3o, isso \u00e9 balela. Voc\u00ea encontra personagens toscos em qualquer tipo de literatura. At\u00e9 mesmo na \u201calta literatura\u201d. N\u00e3o \u00e9 um g\u00eanero que torna um personagem denso ou bem fundamentado. Essa responsabilidade \u00e9 unicamente do autor. Como j\u00e1 disse o grande Br\u00e1ulio Tavares em seu livro O Que \u00c9 Fic\u00e7\u00e3o Cient\u00edfica: \u201cN\u00e3o existe uma hierarquia entre as fic\u00e7\u00f5es. Madame Bovary n\u00e3o \u00e9 mais real que Flash Gordon.\u201d Tudo \u00e9 fic\u00e7\u00e3o. E a fic\u00e7\u00e3o cient\u00edfica, junto com a fantasia, se constitui num dos melhores, sen\u00e3o o melhor g\u00eanero para discutir as grandes quest\u00f5es que nos interessam aqui e agora. Vivemos num mundo em transforma\u00e7\u00e3o. Muda a tecnologia, mudam os costumes, muda o meio-ambiente. Se perguntar de onde viemos e para onde vamos, n\u00e3o \u00e9 apenas uma das mais elevadas quest\u00f5es de nosso tempo. Nela, pode estar a chave da sobreviv\u00eancia de nossa esp\u00e9cie, num futuro n\u00e3o muito distante.<\/p>\n<p>Ent\u00e3o, sejam bem-vindos a este blog. Espero que apreciem sua leitura tanto quanto apreciei escrev\u00ea-lo.\u00a0Obrigado!<\/p>\n","protected":false},"excerpt":{"rendered":"<p>Por que fic\u00e7\u00e3o cient\u00edfica? E por que n\u00e3o? Sim, vivemos no Brasil, na Am\u00e9rica Latina, mais famosa por seres sobrenaturais do que por aventuras espaciais ou viagem no tempo. Mas n\u00e3o vejo nenhum problema com a fic\u00e7\u00e3o cient\u00edfica. Cresci assistindo a s\u00e9ries e filmes e lendo HQs do g\u00eanero. Eu era um guri muito racional,&hellip;<\/p>","protected":false},"author":1,"featured_media":186,"comment_status":"open","ping_status":"open","sticky":false,"template":"","format":"standard","meta":{"_exactmetrics_skip_tracking":false,"_exactmetrics_sitenote_active":false,"_exactmetrics_sitenote_note":"","_exactmetrics_sitenote_category":0,"footnotes":""},"categories":[3,4,17],"tags":[6,8,5,9,7],"class_list":["post-185","post","type-post","status-publish","format-standard","has-post-thumbnail","hentry","category-blog","category-ficcao-cientifica","category-panorama-ficcao","tag-cinema","tag-ficcao-x-realidade","tag-literatura","tag-personagens","tag-quadrinhos"],"_links":{"self":[{"href":"https:\/\/gilsonluisdacunha.com.br\/site\/wp-json\/wp\/v2\/posts\/185","targetHints":{"allow":["GET"]}}],"collection":[{"href":"https:\/\/gilsonluisdacunha.com.br\/site\/wp-json\/wp\/v2\/posts"}],"about":[{"href":"https:\/\/gilsonluisdacunha.com.br\/site\/wp-json\/wp\/v2\/types\/post"}],"author":[{"embeddable":true,"href":"https:\/\/gilsonluisdacunha.com.br\/site\/wp-json\/wp\/v2\/users\/1"}],"replies":[{"embeddable":true,"href":"https:\/\/gilsonluisdacunha.com.br\/site\/wp-json\/wp\/v2\/comments?post=185"}],"version-history":[{"count":2,"href":"https:\/\/gilsonluisdacunha.com.br\/site\/wp-json\/wp\/v2\/posts\/185\/revisions"}],"predecessor-version":[{"id":264,"href":"https:\/\/gilsonluisdacunha.com.br\/site\/wp-json\/wp\/v2\/posts\/185\/revisions\/264"}],"wp:featuredmedia":[{"embeddable":true,"href":"https:\/\/gilsonluisdacunha.com.br\/site\/wp-json\/wp\/v2\/media\/186"}],"wp:attachment":[{"href":"https:\/\/gilsonluisdacunha.com.br\/site\/wp-json\/wp\/v2\/media?parent=185"}],"wp:term":[{"taxonomy":"category","embeddable":true,"href":"https:\/\/gilsonluisdacunha.com.br\/site\/wp-json\/wp\/v2\/categories?post=185"},{"taxonomy":"post_tag","embeddable":true,"href":"https:\/\/gilsonluisdacunha.com.br\/site\/wp-json\/wp\/v2\/tags?post=185"}],"curies":[{"name":"wp","href":"https:\/\/api.w.org\/{rel}","templated":true}]}}